{"id":262,"date":"2019-11-15T17:53:49","date_gmt":"2019-11-15T16:53:49","guid":{"rendered":"http:\/\/fms-foerderverein.de\/de\/?p=262"},"modified":"2020-01-24T13:32:47","modified_gmt":"2020-01-24T12:32:47","slug":"weihnachtsmann-gesucht","status":"publish","type":"post","link":"https:\/\/fms-foerderverein.de\/de\/2019\/11\/15\/weihnachtsmann-gesucht\/","title":{"rendered":"Weihnachtsmann gesucht!"},"content":{"rendered":"\n<p>Der Adventsmarkt in St\u00f6tteritz (1.12.2019) l\u00e4utet traditionell in  unserem Stadtteil die Weihnachtszeit ein. Auch wir vom F\u00f6rderverein der  Franz-Mehring-Schule werden &#8211; wie jedes Jahr &#8211; mit einem eigenen Stand  vertreten sein und zum Kerzen ziehen und <\/p>\n\n\n\n<!--more-->\n\n\n\n<p>gem\u00fctlichen Beisammensein  einladen und zugleich unsere Arbeit f\u00fcr die Kinder der Grundschule n\u00e4her  vorstellen.\u00a0 <\/p>\n\n\n\n<p>In diesem Jahr m\u00f6chten wir zudem f\u00fcr unsere jungen Besucher und ihre  Eltern mit einer besonderen Aktion den Weihnachtszauber verbreiten. Der  Weihnachtsmann h\u00f6chstpers\u00f6nlich soll zum Fototermin an unseren Stand  kommen und die Kinderaugen leuchten lassen.&nbsp; <\/p>\n\n\n\n<blockquote class=\"wp-block-quote\"><p> Um dies m\u00f6glich zu machen, suchen wir noch einen WEIHNACHTSMANN.<br>Wer kann uns dabei unterst\u00fctzen? <\/p><\/blockquote>\n\n\n\n<p><strong>Wer hat am 1.12. von 13-14 und von 15-16 Uhr Zeit und Lust sich als Weihnachtsmann gemeinsam mit den Kindern fotografieren zu  lassen?<\/strong><\/p>\n\n\n\n<p>Auch\n wenn Sie selbst keine Zeit haben, aber ein Weihnachtsmann-Kost\u00fcm \nbesitzen und dieses dem F\u00f6rderverein f\u00fcr diesen Tag leihen k\u00f6nnten, w\u00e4re\n das eine gro\u00dfe Hilfe.&nbsp;<\/p>\n\n\n\n<p>\u00dcber eine kurze R\u00fcckmeldung unter info@fms-foerderverein.de oder Telefon  0160-91858371  freuen wir uns.<\/p>\n\n\n\n<p><strong><em>Euer F\u00f6rderverein der Franz-Mehring-Grundschule<\/em><\/strong><br><\/p>\n","protected":false},"excerpt":{"rendered":"<p>Der Adventsmarkt in St\u00f6tteritz (1.12.2019) l\u00e4utet traditionell in unserem Stadtteil die Weihnachtszeit ein. Auch wir vom F\u00f6rderverein der Franz-Mehring-Schule werden &#8211; wie jedes Jahr &#8211; mit einem eigenen Stand vertreten sein und zum Kerzen ziehen und<\/p>\n","protected":false},"author":1,"featured_media":264,"comment_status":"open","ping_status":"open","sticky":false,"template":"","format":"standard","meta":{"_EventAllDay":false,"_EventTimezone":"","_EventStartDate":"","_EventEndDate":"","_EventStartDateUTC":"","_EventEndDateUTC":"","_EventShowMap":false,"_EventShowMapLink":false,"_EventURL":"","_EventCost":"","_EventCostDescription":"","_EventCurrencySymbol":"","_EventCurrencyCode":"","_EventCurrencyPosition":"","_EventDateTimeSeparator":"","_EventTimeRangeSeparator":"","_EventOrganizerID":[],"_EventVenueID":0,"_OrganizerEmail":"","_OrganizerPhone":"","_OrganizerWebsite":"","_VenueAddress":"","_VenueCity":"","_VenueCountry":"","_VenueProvince":"","_VenueZip":"","_VenuePhone":"","_VenueURL":"","_VenueStateProvince":"","_VenueLat":"","_VenueLng":""},"categories":[1],"tags":[],"_links":{"self":[{"href":"https:\/\/fms-foerderverein.de\/de\/wp-json\/wp\/v2\/posts\/262"}],"collection":[{"href":"https:\/\/fms-foerderverein.de\/de\/wp-json\/wp\/v2\/posts"}],"about":[{"href":"https:\/\/fms-foerderverein.de\/de\/wp-json\/wp\/v2\/types\/post"}],"author":[{"embeddable":true,"href":"https:\/\/fms-foerderverein.de\/de\/wp-json\/wp\/v2\/users\/1"}],"replies":[{"embeddable":true,"href":"https:\/\/fms-foerderverein.de\/de\/wp-json\/wp\/v2\/comments?post=262"}],"version-history":[{"count":5,"href":"https:\/\/fms-foerderverein.de\/de\/wp-json\/wp\/v2\/posts\/262\/revisions"}],"predecessor-version":[{"id":311,"href":"https:\/\/fms-foerderverein.de\/de\/wp-json\/wp\/v2\/posts\/262\/revisions\/311"}],"wp:featuredmedia":[{"embeddable":true,"href":"https:\/\/fms-foerderverein.de\/de\/wp-json\/wp\/v2\/media\/264"}],"wp:attachment":[{"href":"https:\/\/fms-foerderverein.de\/de\/wp-json\/wp\/v2\/media?parent=262"}],"wp:term":[{"taxonomy":"category","embeddable":true,"href":"https:\/\/fms-foerderverein.de\/de\/wp-json\/wp\/v2\/categories?post=262"},{"taxonomy":"post_tag","embeddable":true,"href":"https:\/\/fms-foerderverein.de\/de\/wp-json\/wp\/v2\/tags?post=262"}],"curies":[{"name":"wp","href":"https:\/\/api.w.org\/{rel}","templated":true}]}}