{"id":41,"date":"2019-03-31T22:00:51","date_gmt":"2019-03-31T20:00:51","guid":{"rendered":"http:\/\/fms-foerderverein.de\/de\/?p=41"},"modified":"2019-04-09T10:58:12","modified_gmt":"2019-04-09T08:58:12","slug":"letzte-vorbereitungen","status":"publish","type":"post","link":"https:\/\/fms-foerderverein.de\/de\/2019\/03\/31\/letzte-vorbereitungen\/","title":{"rendered":"Letzte Vorbereitungen"},"content":{"rendered":"\n<h2>Neue Werbebanner an den Schultoren<\/h2>\n\n\n\n<figure class=\"wp-block-image\"><img loading=\"lazy\" width=\"1024\" height=\"576\" src=\"http:\/\/fms-foerderverein.de\/de\/wp-content\/uploads\/2019\/04\/20190331_144421-01-1024x576.jpeg\" alt=\"\" class=\"wp-image-42\" srcset=\"https:\/\/fms-foerderverein.de\/de\/wp-content\/uploads\/2019\/04\/20190331_144421-01-1024x576.jpeg 1024w, https:\/\/fms-foerderverein.de\/de\/wp-content\/uploads\/2019\/04\/20190331_144421-01-300x169.jpeg 300w, https:\/\/fms-foerderverein.de\/de\/wp-content\/uploads\/2019\/04\/20190331_144421-01-768x432.jpeg 768w, https:\/\/fms-foerderverein.de\/de\/wp-content\/uploads\/2019\/04\/20190331_144421-01-1200x675.jpeg 1200w\" sizes=\"(max-width: 767px) 89vw, (max-width: 1000px) 54vw, (max-width: 1071px) 543px, 580px\" \/><figcaption>Am vergangenen Wochenende wurden die neuen Banner angebracht<\/figcaption><\/figure>\n\n\n\n<div class=\"wp-block-image\"><figure class=\"alignleft is-resized\"><img loading=\"lazy\" src=\"http:\/\/fms-foerderverein.de\/de\/wp-content\/uploads\/2019\/04\/20190331_150240-01-576x1024.jpeg\" alt=\"\" class=\"wp-image-43\" width=\"160\" height=\"256\"\/><figcaption>Neues Banner am Schultor<\/figcaption><\/figure><\/div>\n\n\n\n<p>Damit w\u00e4hrend der Aktion auch wirklich alle erkennen, was &#8222;l\u00e4uft&#8220;, haben wir zum Jubil\u00e4um der Aktion &#8222;Sicher: Zu Fu\u00df zur Schule&#8220; neue,  ansprechende Werbebanner anfertigen lassen. An den beiden Schultoren angebracht hat die 1 mal 1,5 Meter gro\u00dfen Planen unser Mitglied Herr Kadner, mit tatkr\u00e4ftiger Unterst\u00fctzung seines Sohnes Fenno aus der 2b. <\/p>\n\n\n\n<p>An dieser Stelle bedanken wir uns herzlich bei Markus Wiese von <a rel=\"noreferrer noopener\" aria-label=\"Mediengestaltung Wiese (\u00f6ffnet in neuem Tab)\" href=\"https:\/\/mediengestaltungwiese.de\/\" target=\"_blank\">Mediengestaltung Wiese<\/a>, f\u00fcr die unkomplizierte Hilfe beim Druck der Unterst\u00fctzer-Aufkleber.<\/p>\n","protected":false},"excerpt":{"rendered":"<p>Neue Werbebanner an den Schultoren Damit w\u00e4hrend der Aktion auch wirklich alle erkennen, was &#8222;l\u00e4uft&#8220;, haben wir zum Jubil\u00e4um der Aktion &#8222;Sicher: Zu Fu\u00df zur Schule&#8220; neue, ansprechende Werbebanner anfertigen lassen. An den beiden Schultoren angebracht hat die 1 mal 1,5 Meter gro\u00dfen Planen unser Mitglied Herr Kadner, mit tatkr\u00e4ftiger Unterst\u00fctzung seines Sohnes Fenno aus &hellip; <\/p>\n<p class=\"link-more\"><a href=\"https:\/\/fms-foerderverein.de\/de\/2019\/03\/31\/letzte-vorbereitungen\/\" class=\"more-link\"><span class=\"screen-reader-text\">\u201eLetzte Vorbereitungen\u201c<\/span> weiterlesen<\/a><\/p>\n","protected":false},"author":1,"featured_media":0,"comment_status":"closed","ping_status":"open","sticky":false,"template":"","format":"standard","meta":{"_EventAllDay":false,"_EventTimezone":"","_EventStartDate":"","_EventEndDate":"","_EventStartDateUTC":"","_EventEndDateUTC":"","_EventShowMap":false,"_EventShowMapLink":false,"_EventURL":"","_EventCost":"","_EventCostDescription":"","_EventCurrencySymbol":"","_EventCurrencyCode":"","_EventCurrencyPosition":"","_EventDateTimeSeparator":"","_EventTimeRangeSeparator":"","_EventOrganizerID":[],"_EventVenueID":0,"_OrganizerEmail":"","_OrganizerPhone":"","_OrganizerWebsite":"","_VenueAddress":"","_VenueCity":"","_VenueCountry":"","_VenueProvince":"","_VenueZip":"","_VenuePhone":"","_VenueURL":"","_VenueStateProvince":"","_VenueLat":"","_VenueLng":""},"categories":[6,1],"tags":[],"_links":{"self":[{"href":"https:\/\/fms-foerderverein.de\/de\/wp-json\/wp\/v2\/posts\/41"}],"collection":[{"href":"https:\/\/fms-foerderverein.de\/de\/wp-json\/wp\/v2\/posts"}],"about":[{"href":"https:\/\/fms-foerderverein.de\/de\/wp-json\/wp\/v2\/types\/post"}],"author":[{"embeddable":true,"href":"https:\/\/fms-foerderverein.de\/de\/wp-json\/wp\/v2\/users\/1"}],"replies":[{"embeddable":true,"href":"https:\/\/fms-foerderverein.de\/de\/wp-json\/wp\/v2\/comments?post=41"}],"version-history":[{"count":3,"href":"https:\/\/fms-foerderverein.de\/de\/wp-json\/wp\/v2\/posts\/41\/revisions"}],"predecessor-version":[{"id":46,"href":"https:\/\/fms-foerderverein.de\/de\/wp-json\/wp\/v2\/posts\/41\/revisions\/46"}],"wp:attachment":[{"href":"https:\/\/fms-foerderverein.de\/de\/wp-json\/wp\/v2\/media?parent=41"}],"wp:term":[{"taxonomy":"category","embeddable":true,"href":"https:\/\/fms-foerderverein.de\/de\/wp-json\/wp\/v2\/categories?post=41"},{"taxonomy":"post_tag","embeddable":true,"href":"https:\/\/fms-foerderverein.de\/de\/wp-json\/wp\/v2\/tags?post=41"}],"curies":[{"name":"wp","href":"https:\/\/api.w.org\/{rel}","templated":true}]}}