{"id":691,"date":"2025-11-24T19:50:00","date_gmt":"2025-11-24T18:50:00","guid":{"rendered":"https:\/\/fms-foerderverein.de\/de\/?p=691"},"modified":"2026-01-25T19:59:13","modified_gmt":"2026-01-25T18:59:13","slug":"jahreshauptversammlung-2025-viel-geschafft-und-noch-viel-vor","status":"publish","type":"post","link":"https:\/\/fms-foerderverein.de\/de\/2025\/11\/24\/jahreshauptversammlung-2025-viel-geschafft-und-noch-viel-vor\/","title":{"rendered":"Jahreshauptversammlung 2025: Viel geschafft \u2013 und noch viel vor"},"content":{"rendered":"\n<figure class=\"wp-block-image size-large\"><img loading=\"lazy\" width=\"1024\" height=\"683\" src=\"https:\/\/fms-foerderverein.de\/de\/wp-content\/uploads\/2026\/01\/JHV-Foerderverein-1024x683.jpg\" alt=\"\" class=\"wp-image-697\" srcset=\"https:\/\/fms-foerderverein.de\/de\/wp-content\/uploads\/2026\/01\/JHV-Foerderverein-1024x683.jpg 1024w, https:\/\/fms-foerderverein.de\/de\/wp-content\/uploads\/2026\/01\/JHV-Foerderverein-300x200.jpg 300w, https:\/\/fms-foerderverein.de\/de\/wp-content\/uploads\/2026\/01\/JHV-Foerderverein-768x512.jpg 768w, https:\/\/fms-foerderverein.de\/de\/wp-content\/uploads\/2026\/01\/JHV-Foerderverein.jpg 1536w\" sizes=\"(max-width: 767px) 89vw, (max-width: 1000px) 54vw, (max-width: 1071px) 543px, 580px\" \/><\/figure>\n\n\n\n<p>Am&nbsp;24. November 2025&nbsp;fand die Jahreshauptversammlung des F\u00f6rdervereins der Franz-Mehring-Grundschule statt. In kleiner Runde, aber mit viel Engagement wurde gemeinsam auf das vergangene Jahr geblickt und der Kurs f\u00fcr 2025\/2026 festgelegt.&nbsp;&nbsp;<\/p>\n\n\n\n<p>Der Vorstand berichtete von einer&nbsp;sehr aktiven Vereinsarbeit: Mit aktuell&nbsp;84 Mitgliedern&nbsp;konnte der F\u00f6rderverein zahlreiche Projekte unterst\u00fctzen \u2013 vom Sommerfest \u00fcber den Sponsorenlauf (rund 5.000 Euro f\u00fcr neue Spielger\u00e4te) bis hin zu Zeugnismappen, Lesewettbewerben und einer digitalen Tafel f\u00fcr eine dritte Klasse. Auch die Begr\u00fc\u00dfung der Schulanf\u00e4ngerinnen und Schulanf\u00e4nger sowie die Unterst\u00fctzung der Sch\u00fclerzeitung geh\u00f6ren dazu.&nbsp;&nbsp;<\/p>\n\n\n\n<p>Die Kassenpr\u00fcfung best\u00e4tigte eine ordnungsgem\u00e4\u00dfe Arbeit, der Vorstand wurde entlastet und anschlie\u00dfend&nbsp;f\u00fcr weitere zwei Jahre wiedergew\u00e4hlt. Das zeigt: Die Arbeit des F\u00f6rdervereins genie\u00dft gro\u00dfes Vertrauen.<\/p>\n\n\n\n<p>F\u00fcr das kommende Schuljahr sind unter anderem ein&nbsp;Gr\u00fcnes Klassenzimmer, die&nbsp;Neugestaltung der Essensr\u00e4ume, neue Aktionen beim Schulfest sowie weitere Unterst\u00fctzung f\u00fcr schulische Veranstaltungen geplant. Auch neue Ideen und Bedarfe wurden offen diskutiert.&nbsp;&nbsp;<\/p>\n\n\n\n<p>\ud83d\udc49&nbsp;<strong>Alle Details zum Nachlese<\/strong>n<\/p>\n\n\n\n<ul><li><strong><a href=\"http:\/\/fms-foerderverein.de\/de\/wp-content\/uploads\/2026\/01\/Protokoll_Jahreshauptversammlung_2025.pdf\">Protokoll der Jahreshauptversammlung 2025 (PDF)<\/a><\/strong><\/li><li><strong><a href=\"http:\/\/fms-foerderverein.de\/de\/wp-content\/uploads\/2026\/01\/Taetigkeitsbericht-Vorstand-2025.pdf\">T\u00e4tigkeitsbericht des Vorstands 2025 (PDF)<\/a><\/strong><\/li><\/ul>\n\n\n\n<p>Wer den F\u00f6rderverein unterst\u00fctzen m\u00f6chte \u2013 sei es durch eine Mitgliedschaft oder aktives Mitmachen \u2013 ist jederzeit herzlich willkommen. Jede Unterst\u00fctzung kommt direkt bei den Kindern an.<\/p>\n","protected":false},"excerpt":{"rendered":"<p>Am&nbsp;24. November 2025&nbsp;fand die Jahreshauptversammlung des F\u00f6rdervereins der Franz-Mehring-Grundschule statt. In kleiner Runde, aber mit viel Engagement wurde gemeinsam auf das vergangene Jahr geblickt und der Kurs f\u00fcr 2025\/2026 festgelegt.&nbsp;&nbsp; Der Vorstand berichtete von einer&nbsp;sehr aktiven Vereinsarbeit: Mit aktuell&nbsp;84 Mitgliedern&nbsp;konnte der F\u00f6rderverein zahlreiche Projekte unterst\u00fctzen \u2013 vom Sommerfest \u00fcber den Sponsorenlauf (rund 5.000 Euro f\u00fcr &hellip; <\/p>\n<p class=\"link-more\"><a href=\"https:\/\/fms-foerderverein.de\/de\/2025\/11\/24\/jahreshauptversammlung-2025-viel-geschafft-und-noch-viel-vor\/\" class=\"more-link\"><span class=\"screen-reader-text\">\u201eJahreshauptversammlung 2025: Viel geschafft \u2013 und noch viel vor\u201c<\/span> weiterlesen<\/a><\/p>\n","protected":false},"author":2,"featured_media":0,"comment_status":"open","ping_status":"open","sticky":false,"template":"","format":"standard","meta":{"_EventAllDay":false,"_EventTimezone":"","_EventStartDate":"","_EventEndDate":"","_EventStartDateUTC":"","_EventEndDateUTC":"","_EventShowMap":false,"_EventShowMapLink":false,"_EventURL":"","_EventCost":"","_EventCostDescription":"","_EventCurrencySymbol":"","_EventCurrencyCode":"","_EventCurrencyPosition":"","_EventDateTimeSeparator":"","_EventTimeRangeSeparator":"","_EventOrganizerID":[],"_EventVenueID":0,"_OrganizerEmail":"","_OrganizerPhone":"","_OrganizerWebsite":"","_VenueAddress":"","_VenueCity":"","_VenueCountry":"","_VenueProvince":"","_VenueZip":"","_VenuePhone":"","_VenueURL":"","_VenueStateProvince":"","_VenueLat":"","_VenueLng":""},"categories":[1],"tags":[],"_links":{"self":[{"href":"https:\/\/fms-foerderverein.de\/de\/wp-json\/wp\/v2\/posts\/691"}],"collection":[{"href":"https:\/\/fms-foerderverein.de\/de\/wp-json\/wp\/v2\/posts"}],"about":[{"href":"https:\/\/fms-foerderverein.de\/de\/wp-json\/wp\/v2\/types\/post"}],"author":[{"embeddable":true,"href":"https:\/\/fms-foerderverein.de\/de\/wp-json\/wp\/v2\/users\/2"}],"replies":[{"embeddable":true,"href":"https:\/\/fms-foerderverein.de\/de\/wp-json\/wp\/v2\/comments?post=691"}],"version-history":[{"count":4,"href":"https:\/\/fms-foerderverein.de\/de\/wp-json\/wp\/v2\/posts\/691\/revisions"}],"predecessor-version":[{"id":698,"href":"https:\/\/fms-foerderverein.de\/de\/wp-json\/wp\/v2\/posts\/691\/revisions\/698"}],"wp:attachment":[{"href":"https:\/\/fms-foerderverein.de\/de\/wp-json\/wp\/v2\/media?parent=691"}],"wp:term":[{"taxonomy":"category","embeddable":true,"href":"https:\/\/fms-foerderverein.de\/de\/wp-json\/wp\/v2\/categories?post=691"},{"taxonomy":"post_tag","embeddable":true,"href":"https:\/\/fms-foerderverein.de\/de\/wp-json\/wp\/v2\/tags?post=691"}],"curies":[{"name":"wp","href":"https:\/\/api.w.org\/{rel}","templated":true}]}}