{"id":699,"date":"2025-11-25T19:58:00","date_gmt":"2025-11-25T18:58:00","guid":{"rendered":"https:\/\/fms-foerderverein.de\/de\/?p=699"},"modified":"2026-01-25T20:01:56","modified_gmt":"2026-01-25T19:01:56","slug":"bewaehrtes-team-bleibt-an-bord","status":"publish","type":"post","link":"https:\/\/fms-foerderverein.de\/de\/2025\/11\/25\/bewaehrtes-team-bleibt-an-bord\/","title":{"rendered":"Bew\u00e4hrtes Team bleibt an Bord"},"content":{"rendered":"\n<figure class=\"wp-block-image size-large\"><img loading=\"lazy\" width=\"2560\" height=\"1439\" src=\"https:\/\/fms-foerderverein.de\/de\/wp-content\/uploads\/2026\/01\/Vorstand-edited-scaled.jpg\" alt=\"\" class=\"wp-image-702\" srcset=\"https:\/\/fms-foerderverein.de\/de\/wp-content\/uploads\/2026\/01\/Vorstand-edited-scaled.jpg 2560w, https:\/\/fms-foerderverein.de\/de\/wp-content\/uploads\/2026\/01\/Vorstand-edited-300x169.jpg 300w, https:\/\/fms-foerderverein.de\/de\/wp-content\/uploads\/2026\/01\/Vorstand-edited-1024x575.jpg 1024w, https:\/\/fms-foerderverein.de\/de\/wp-content\/uploads\/2026\/01\/Vorstand-edited-768x432.jpg 768w, https:\/\/fms-foerderverein.de\/de\/wp-content\/uploads\/2026\/01\/Vorstand-edited-1536x863.jpg 1536w, https:\/\/fms-foerderverein.de\/de\/wp-content\/uploads\/2026\/01\/Vorstand-edited-2048x1151.jpg 2048w\" sizes=\"(max-width: 767px) 89vw, (max-width: 1000px) 54vw, (max-width: 1071px) 543px, 580px\" \/><\/figure>\n\n\n\n<p>Bei der Jahreshauptversammlung des F\u00f6rdervereins stand auch die Vorstandswahl auf der Tagesordnung \u2013 mit einem klaren Ergebnis:&nbsp;<strong>Der bisherige Vorstand macht weiter.<\/strong><\/p>\n\n\n\n<p><strong>Petra Bauersfeld<\/strong>&nbsp;(Vorsitzende),&nbsp;<strong>Carolin Fodi<\/strong>&nbsp;(stellvertretende Vorsitzende) und&nbsp;<strong>Juliane Buchwald<\/strong>&nbsp;(Kassenwartin) wurden erneut f\u00fcr zwei Jahre gew\u00e4hlt. Alle drei hatten sich wieder zur Wahl gestellt und daf\u00fcr viel R\u00fcckhalt aus dem Kreis der Mitglieder erhalten.<\/p>\n\n\n\n<p>Die Wiederwahl ist vor allem eines: ein Zeichen von Vertrauen. In den vergangenen Jahren hat der Vorstand gemeinsam mit engagierten Eltern viele Projekte auf den Weg gebracht und begleitet \u2013 oft im Hintergrund, aber immer mit sp\u00fcrbarem Effekt f\u00fcr den Schulalltag.<\/p>\n\n\n\n<p>Der F\u00f6rderverein sagt&nbsp;<strong>Danke<\/strong>&nbsp;f\u00fcr den Einsatz und freut sich auf die kommenden Aufgaben \u2013 gemeinsam f\u00fcr die Kinder der Franz-Mehring-Grundschule.<\/p>\n","protected":false},"excerpt":{"rendered":"<p>Bei der Jahreshauptversammlung des F\u00f6rdervereins stand auch die Vorstandswahl auf der Tagesordnung \u2013 mit einem klaren Ergebnis:&nbsp;Der bisherige Vorstand macht weiter. Petra Bauersfeld&nbsp;(Vorsitzende),&nbsp;Carolin Fodi&nbsp;(stellvertretende Vorsitzende) und&nbsp;Juliane Buchwald&nbsp;(Kassenwartin) wurden erneut f\u00fcr zwei Jahre gew\u00e4hlt. Alle drei hatten sich wieder zur Wahl gestellt und daf\u00fcr viel R\u00fcckhalt aus dem Kreis der Mitglieder erhalten. Die Wiederwahl ist vor &hellip; <\/p>\n<p class=\"link-more\"><a href=\"https:\/\/fms-foerderverein.de\/de\/2025\/11\/25\/bewaehrtes-team-bleibt-an-bord\/\" class=\"more-link\"><span class=\"screen-reader-text\">\u201eBew\u00e4hrtes Team bleibt an Bord\u201c<\/span> weiterlesen<\/a><\/p>\n","protected":false},"author":2,"featured_media":0,"comment_status":"open","ping_status":"open","sticky":false,"template":"","format":"standard","meta":{"_EventAllDay":false,"_EventTimezone":"","_EventStartDate":"","_EventEndDate":"","_EventStartDateUTC":"","_EventEndDateUTC":"","_EventShowMap":false,"_EventShowMapLink":false,"_EventURL":"","_EventCost":"","_EventCostDescription":"","_EventCurrencySymbol":"","_EventCurrencyCode":"","_EventCurrencyPosition":"","_EventDateTimeSeparator":"","_EventTimeRangeSeparator":"","_EventOrganizerID":[],"_EventVenueID":0,"_OrganizerEmail":"","_OrganizerPhone":"","_OrganizerWebsite":"","_VenueAddress":"","_VenueCity":"","_VenueCountry":"","_VenueProvince":"","_VenueZip":"","_VenuePhone":"","_VenueURL":"","_VenueStateProvince":"","_VenueLat":"","_VenueLng":""},"categories":[1],"tags":[],"_links":{"self":[{"href":"https:\/\/fms-foerderverein.de\/de\/wp-json\/wp\/v2\/posts\/699"}],"collection":[{"href":"https:\/\/fms-foerderverein.de\/de\/wp-json\/wp\/v2\/posts"}],"about":[{"href":"https:\/\/fms-foerderverein.de\/de\/wp-json\/wp\/v2\/types\/post"}],"author":[{"embeddable":true,"href":"https:\/\/fms-foerderverein.de\/de\/wp-json\/wp\/v2\/users\/2"}],"replies":[{"embeddable":true,"href":"https:\/\/fms-foerderverein.de\/de\/wp-json\/wp\/v2\/comments?post=699"}],"version-history":[{"count":2,"href":"https:\/\/fms-foerderverein.de\/de\/wp-json\/wp\/v2\/posts\/699\/revisions"}],"predecessor-version":[{"id":703,"href":"https:\/\/fms-foerderverein.de\/de\/wp-json\/wp\/v2\/posts\/699\/revisions\/703"}],"wp:attachment":[{"href":"https:\/\/fms-foerderverein.de\/de\/wp-json\/wp\/v2\/media?parent=699"}],"wp:term":[{"taxonomy":"category","embeddable":true,"href":"https:\/\/fms-foerderverein.de\/de\/wp-json\/wp\/v2\/categories?post=699"},{"taxonomy":"post_tag","embeddable":true,"href":"https:\/\/fms-foerderverein.de\/de\/wp-json\/wp\/v2\/tags?post=699"}],"curies":[{"name":"wp","href":"https:\/\/api.w.org\/{rel}","templated":true}]}}